{"id":747,"date":"2025-07-29T19:20:11","date_gmt":"2025-07-29T19:20:11","guid":{"rendered":"https:\/\/schuetzenpumpestich.de\/?p=747"},"modified":"2025-07-29T19:20:11","modified_gmt":"2025-07-29T19:20:11","slug":"vorschau-sommerschuetzenfest","status":"publish","type":"post","link":"https:\/\/schuetzenpumpestich.de\/?p=747","title":{"rendered":"Vorschau Sommer(Sch\u00fctzen)fest"},"content":{"rendered":"\n<p>Unser diesj\u00e4hriges Fest findet  in diesem Jahr am ersten  Wochenende im August auf dem Au\u00dfengel\u00e4nde des Sch\u00fctzenheims, Im Padtkohl 10, statt. <\/p>\n\n\n\n<p>Leider war konkurrierte unser traditioneller Termin mit einigen Parallelveranstaltungen, so das ein Ausweichen auf diesen &#8222;Ferientermin&#8220; n\u00f6tig wurde,  Das Fest startet am Freitag, 01.08.2025 mit dem K\u00f6nigs- und Prinzenschie\u00dfen.<\/p>\n\n\n\n<p>Am Samstag, 02.08.2025 findet dann das Sommerfest statt, dass dann in den Abendstunden den K\u00f6nigsball beinhaltet.\u00a0<\/p>\n","protected":false},"excerpt":{"rendered":"<div class=\"mh-excerpt\"><p>Unser diesj\u00e4hriges Fest findet in diesem Jahr am ersten Wochenende im August auf dem Au\u00dfengel\u00e4nde des Sch\u00fctzenheims, Im Padtkohl 10, statt. Leider war konkurrierte unser <a class=\"mh-excerpt-more\" href=\"https:\/\/schuetzenpumpestich.de\/?p=747\" title=\"Vorschau Sommer(Sch\u00fctzen)fest\">[&#8230;]<\/a><\/p>\n<\/div>","protected":false},"author":1,"featured_media":748,"comment_status":"open","ping_status":"open","sticky":false,"template":"","format":"standard","meta":{"_price":"","_stock":"","_tribe_ticket_header":"","_tribe_default_ticket_provider":"","_tribe_ticket_capacity":"0","_ticket_start_date":"","_ticket_end_date":"","_tribe_ticket_show_description":"","_tribe_ticket_show_not_going":false,"_tribe_ticket_use_global_stock":"","_tribe_ticket_global_stock_level":"","_global_stock_mode":"","_global_stock_cap":"","_tribe_rsvp_for_event":"","_tribe_ticket_going_count":"","_tribe_ticket_not_going_count":"","_tribe_tickets_list":"[]","_tribe_ticket_has_attendee_info_fields":false,"footnotes":""},"categories":[1],"tags":[39,23,30,22,36,21],"_links":{"self":[{"href":"https:\/\/schuetzenpumpestich.de\/index.php?rest_route=\/wp\/v2\/posts\/747"}],"collection":[{"href":"https:\/\/schuetzenpumpestich.de\/index.php?rest_route=\/wp\/v2\/posts"}],"about":[{"href":"https:\/\/schuetzenpumpestich.de\/index.php?rest_route=\/wp\/v2\/types\/post"}],"author":[{"embeddable":true,"href":"https:\/\/schuetzenpumpestich.de\/index.php?rest_route=\/wp\/v2\/users\/1"}],"replies":[{"embeddable":true,"href":"https:\/\/schuetzenpumpestich.de\/index.php?rest_route=%2Fwp%2Fv2%2Fcomments&post=747"}],"version-history":[{"count":1,"href":"https:\/\/schuetzenpumpestich.de\/index.php?rest_route=\/wp\/v2\/posts\/747\/revisions"}],"predecessor-version":[{"id":749,"href":"https:\/\/schuetzenpumpestich.de\/index.php?rest_route=\/wp\/v2\/posts\/747\/revisions\/749"}],"wp:featuredmedia":[{"embeddable":true,"href":"https:\/\/schuetzenpumpestich.de\/index.php?rest_route=\/wp\/v2\/media\/748"}],"wp:attachment":[{"href":"https:\/\/schuetzenpumpestich.de\/index.php?rest_route=%2Fwp%2Fv2%2Fmedia&parent=747"}],"wp:term":[{"taxonomy":"category","embeddable":true,"href":"https:\/\/schuetzenpumpestich.de\/index.php?rest_route=%2Fwp%2Fv2%2Fcategories&post=747"},{"taxonomy":"post_tag","embeddable":true,"href":"https:\/\/schuetzenpumpestich.de\/index.php?rest_route=%2Fwp%2Fv2%2Ftags&post=747"}],"curies":[{"name":"wp","href":"https:\/\/api.w.org\/{rel}","templated":true}]}}