{"id":730,"date":"2025-03-08T17:55:44","date_gmt":"2025-03-08T17:55:44","guid":{"rendered":"https:\/\/schuetzenpumpestich.de\/?p=730"},"modified":"2025-03-08T20:59:41","modified_gmt":"2025-03-08T20:59:41","slug":"nachruf-detlef-frohn","status":"publish","type":"post","link":"https:\/\/schuetzenpumpestich.de\/?p=730","title":{"rendered":"Nachruf Detlef Frohn"},"content":{"rendered":"\n<p>Der stellvertretende Schie\u00dfmeister der St. Barbara- und St- Sebastianus- Sch\u00fctzenbruderschaft Eschweiler Pumpe-Stich, unser Sch\u00fctzenbruder<\/p>\n\n\n\n<p class=\"has-text-align-center\"><strong>Detlef Frohn<\/strong><\/p>\n\n\n\n<p>&nbsp;verstarb langer und schwerer Krankheit am 17.02.2025 im Alter von nur 63 Jahren.<\/p>\n\n\n\n<p><strong><em>An dieser Stelle erlaube ich mir einen eher pers\u00f6nlichen Nachruf:<\/em><\/strong><\/p>\n\n\n\n<p><em>&#8222;Ich beginne mit unserer ersten Begegnung. Es muss irgendwann Ende 2001 gewesen sein. Zusammen mit dem zuk\u00fcnftigen Karnevalsprinzen Helge Dickmeis sa\u00df ich im Souterrain von dessen Haus im Besprechungsraum der Praxis, die die Gattin des Prinzen dort betrieb. Zu dieser Zeit sprach ich noch den Prolog zur Prinzenproklamation. Teil des Prologs war immer ein auf Prinz und Zeremonienmeister zugeschnittener Teil. Nun stand das dazugeh\u00f6rige Interview mit dem Prinzengespann an.<\/em><\/p>\n\n\n\n<p><em>Indessen hockte ich dort mit Helge und wartete mit diesem auf den Zeremonienmeister Detlef, der sich versp\u00e4tet hatte. Zu diesem Zeitpunkt verlief das Gespr\u00e4ch schleppend und innerlich hatte ich es schon abgeschrieben, z\u00fcndende Ideen f\u00fcr den &#8222;Prinzenteil&#8220; des Prologs zu finden.<\/em><\/p>\n\n\n\n<p><em>Nach gef\u00fchlt geraumer Zeit erschien Detlef dann und der Raum wurde mit einer unwahrscheinlichen menschlichen Pr\u00e4senz erf\u00fcllt. Er erschien sonnengebr\u00e4unt und dynamisch und erwies sich direkt als redegewandter und auskunftsfreudiger Gespr\u00e4chspartner.<\/em><\/p>\n\n\n\n<p><em>Das Prinzenpaar taute jetzt richtig auf und konnte von ihren Pl\u00e4nen berichten, dass sie anstatt ein Liedchen zu tr\u00e4llern, sie lieber einen Tanz auf das Parkett legen wollten (Mambo No. 5), dass ihr Orden auf einem sehr alten Entwurf der Roten Funken basierte usw.<\/em>.<\/p>\n\n\n\n<p><em>Was soll ich sagen? Der Prolog, der \u00fcbrigens mein letzter war, war ein gro\u00dfer Erfolg und auch die Prinzensession von Helge und Detlef habe ich in allerbester Erinnerung.<\/em><\/p>\n\n\n\n<p><em>Einige Jahre sp\u00e4ter wurde Detlef gemeinsam mit seiner Petra Mitglied in unserer Bruderschaft und war von Anfang an eine gro\u00dfe Bereicherung unserer Gemeinschaft.<\/em><\/p>\n\n\n\n<p><em>Gerne erinnere ich mich an seine Assistenz und Unterst\u00fctzung, die er mir immer bei unseren karnevalistischen Abenden zukommen lie\u00df.<\/em><\/p>\n\n\n\n<p><em>Auch das sch\u00f6ne K\u00f6nigsjahr von Petra und Detlef mit ihrem gro\u00dfen Gefolge ist in die Annalen der Bruderschaft eingegangen.<\/em><\/p>\n\n\n\n<p><em>Der Schie\u00dfsport hatte es Detlef besonders angetan, und er erwarb sich hier innerhalb k\u00fcrzester Zeit ein enormes Fachwissen und erbrachte eine hohe sportliche Leistung. Ohne ihn w\u00e4ren die vielen Erfolge unserer Bereichsmannschaft, die viele Jahre den Bereich dominierte, undenkbar gewesen.<\/em><\/p>\n\n\n\n<p><em>Irgendwann hatte er es sich dann in den Kopf gesetzt, dass der Schie\u00dfstand unseres Sch\u00fctzenheims auf eine elektronische Messrahmenanlage umger\u00fcstet werden sollte. Diesen Plan trieb er voran und 2018 wurde dann solch eine Anlage gebraucht in Norddeutschland erworben. Zusammen mit Horst B\u00e4r holte Detlef dann die Anlage dort ab und beide begannen mit der Umr\u00fcstung des Schie\u00dfstands. Die Arbeiten zogen sich aber hin, weil die Anlage dann doch wesentlich komplizierter zu installieren war, als angenommen. Tage und Wochen lang war Detlef nun von morgens bis abends im Sch\u00fctzenheim und werkelte dort an der Anlage. Dass er dabei noch die Elektroinstallation des Heims erneuerte, ist da schon fast nebens\u00e4chlich. Zeitweise verwandelte sich das Sch\u00fctzenheim in eine Computerwerkstatt und bei dem Gerede \u00fcber Messrahmen, Linux-Systeme, Kriechstr\u00f6me usw. verstand ich nur noch Bahnhof. Bis in die Corona-Pandemie hinein zogen sich die Arbeiten im Heim hin. Letzten Endes wurde der Stand dann aber fertig und war damit komplett modernisiert worden.<\/em><\/p>\n\n\n\n<p><em>Vor einigen Jahren zog Detlef dann auch noch den &#8222;gr\u00fcnen Rock&#8220; an und unterst\u00fctzte damit die Initiative unserer &#8222;Generalit\u00e4t&#8220;, das Offizierscorps wieder mit Leben zu erf\u00fcllen.<\/em><\/p>\n\n\n\n<p><em>Schon vor mehreren Jahren erkrankte Detlef schwer und musste sich mehreren Operationen unterziehen. Sein Zustand war damals schon sehr kritisch und es bestand damals schon ernsthafte Sorge um ihn.<\/em><\/p>\n\n\n\n<p><em>Aber wie ein &#8222;Stehaufm\u00e4nnchen&#8220; hatte er sich wieder erholt und es bestand die Hoffnung, dass er seine gesundheitlichen Probleme gut im Griff hatte.<\/em><\/p>\n\n\n\n<p><em>Im letzten Jahr verschlechterte sich Detlefs Gesundheitszustand aber zunehmend. Letztendlich f\u00fchrte dies zur Einlieferung in das Klinikum. Anfang Januar sah es schon so aus, dass nur noch wenig Hoffnung auf Genesung bestand.<\/em><\/p>\n\n\n\n<p><em>Dann aber pl\u00f6tzlich schien sich wider aller Erwartungen der Gesundheitszustand wieder zu bessern. Teilweise konnte auf die k\u00fcnstliche Beatmung verzichtet werden. Auch konnte er wieder Nahrung zu sich nehmen und wurde auf Normalstation verlegt.<\/em><\/p>\n\n\n\n<p><em>Ich war von daher guter Hoffnung und plante einen Besuch f\u00fcr Montag, den 17. Februar.<\/em><\/p>\n\n\n\n<p><em>Noch w\u00e4hrend der Narrenzunftsitzung am 15. Februar 202 erfuhr ich dann, dass es Komplikationen gegeben hatte und er wieder auf die Intensivstation musste.<\/em><\/p>\n\n\n\n<p><em>Am darauffolgenden Montag verstarb Detlef dann dort.<\/em><\/p>\n\n\n\n<p><em>F\u00fcr mich war Detlef ein Tausendsassa, der ewige Zeremonienmeister und Tanzoffizier, der akribische Schie\u00dfmeister, der gute Sch\u00fctzenbruder, aber vor allem ein guter Freund.&#8220;<\/em><\/p>\n\n\n\n<p><strong>Detlef wird am Montag, 17. M\u00e4rz 2025, 13:00 beigesetzt. Die Beisetzung findet auf dem katholischen Friedhof D\u00fcrener Stra\u00dfe statt. Um rege Beteiligung der Mitglieder an der Beerdigung wird gebeten.<\/strong><\/p>\n\n\n\n<p><\/p>\n","protected":false},"excerpt":{"rendered":"<div class=\"mh-excerpt\"><p>Der stellvertretende Schie\u00dfmeister der St. Barbara- und St- Sebastianus- Sch\u00fctzenbruderschaft Eschweiler Pumpe-Stich, unser Sch\u00fctzenbruder Detlef Frohn &nbsp;verstarb langer und schwerer Krankheit am 17.02.2025 im Alter <a class=\"mh-excerpt-more\" href=\"https:\/\/schuetzenpumpestich.de\/?p=730\" title=\"Nachruf Detlef Frohn\">[&#8230;]<\/a><\/p>\n<\/div>","protected":false},"author":1,"featured_media":731,"comment_status":"open","ping_status":"open","sticky":false,"template":"","format":"standard","meta":{"_price":"","_stock":"","_tribe_ticket_header":"","_tribe_default_ticket_provider":"","_tribe_ticket_capacity":"0","_ticket_start_date":"","_ticket_end_date":"","_tribe_ticket_show_description":"","_tribe_ticket_show_not_going":false,"_tribe_ticket_use_global_stock":"","_tribe_ticket_global_stock_level":"","_global_stock_mode":"","_global_stock_cap":"","_tribe_rsvp_for_event":"","_tribe_ticket_going_count":"","_tribe_ticket_not_going_count":"","_tribe_tickets_list":"[]","_tribe_ticket_has_attendee_info_fields":false,"footnotes":""},"categories":[1],"tags":[39,48,22,52],"_links":{"self":[{"href":"https:\/\/schuetzenpumpestich.de\/index.php?rest_route=\/wp\/v2\/posts\/730"}],"collection":[{"href":"https:\/\/schuetzenpumpestich.de\/index.php?rest_route=\/wp\/v2\/posts"}],"about":[{"href":"https:\/\/schuetzenpumpestich.de\/index.php?rest_route=\/wp\/v2\/types\/post"}],"author":[{"embeddable":true,"href":"https:\/\/schuetzenpumpestich.de\/index.php?rest_route=\/wp\/v2\/users\/1"}],"replies":[{"embeddable":true,"href":"https:\/\/schuetzenpumpestich.de\/index.php?rest_route=%2Fwp%2Fv2%2Fcomments&post=730"}],"version-history":[{"count":5,"href":"https:\/\/schuetzenpumpestich.de\/index.php?rest_route=\/wp\/v2\/posts\/730\/revisions"}],"predecessor-version":[{"id":741,"href":"https:\/\/schuetzenpumpestich.de\/index.php?rest_route=\/wp\/v2\/posts\/730\/revisions\/741"}],"wp:featuredmedia":[{"embeddable":true,"href":"https:\/\/schuetzenpumpestich.de\/index.php?rest_route=\/wp\/v2\/media\/731"}],"wp:attachment":[{"href":"https:\/\/schuetzenpumpestich.de\/index.php?rest_route=%2Fwp%2Fv2%2Fmedia&parent=730"}],"wp:term":[{"taxonomy":"category","embeddable":true,"href":"https:\/\/schuetzenpumpestich.de\/index.php?rest_route=%2Fwp%2Fv2%2Fcategories&post=730"},{"taxonomy":"post_tag","embeddable":true,"href":"https:\/\/schuetzenpumpestich.de\/index.php?rest_route=%2Fwp%2Fv2%2Ftags&post=730"}],"curies":[{"name":"wp","href":"https:\/\/api.w.org\/{rel}","templated":true}]}}