{"id":476,"date":"2022-05-01T08:50:52","date_gmt":"2022-05-01T08:50:52","guid":{"rendered":"https:\/\/schuetzenpumpestich.de\/?p=476"},"modified":"2022-05-01T08:50:52","modified_gmt":"2022-05-01T08:50:52","slug":"nachruf-willibert-renges","status":"publish","type":"post","link":"https:\/\/schuetzenpumpestich.de\/?p=476","title":{"rendered":"Nachruf Willibert Renges"},"content":{"rendered":"\n<p>Unser allseits gesch\u00e4tzter und verdienter Sch\u00fctzenbruder und Vereinsfreund<\/p>\n\n\n\n<p><strong>Willibert Renges<\/strong><\/p>\n\n\n\n<p>ist am vergangenen Freitag  nach schwerer, aber mit gro\u00dfem Optimismus ertragener Krankheit  verstorben.<\/p>\n\n\n\n<p>53 Jahre w\u00e4hrte seine Mitgliedschaft in der Bruderschaft. Zeit seines Lebens hat er sich f\u00fcr die Ortsvereine, der KG Narrenzunft und der Sch\u00fctzenbruderschaft in vielerlei Hinsicht engagiert und verdient gemacht.<\/p>\n\n\n\n<p>Wir werden ihn als  kameradschaftlichen Vereinsfreund und  Sch\u00fctzenbruder  in bester Erinnerung behalten.<\/p>\n\n\n\n<p>Der Herr \u00fcber Leben und Tod gebe seinen treuen Diener, unseren Sch\u00fctzenbruder Willibert Renges, die ewige Ruhe und den Lohn f\u00fcr seine M\u00fche.<\/p>\n\n\n\n<p>Die Beerdigung findet am Montag, 16.05.2022, 13:30 Uhr auf dem Friedhof Stadtmitte. (Kapelle, D\u00fcrener Stra\u00dfe) statt. Offiziere werden gebeten, in Uniform zu erscheinen.<\/p>\n","protected":false},"excerpt":{"rendered":"<div class=\"mh-excerpt\"><p>Unser allseits gesch\u00e4tzter und verdienter Sch\u00fctzenbruder und Vereinsfreund Willibert Renges ist am vergangenen Freitag nach schwerer, aber mit gro\u00dfem Optimismus ertragener Krankheit verstorben. 53 Jahre <a class=\"mh-excerpt-more\" href=\"https:\/\/schuetzenpumpestich.de\/?p=476\" title=\"Nachruf Willibert Renges\">[&#8230;]<\/a><\/p>\n<\/div>","protected":false},"author":1,"featured_media":474,"comment_status":"open","ping_status":"open","sticky":false,"template":"","format":"standard","meta":{"_price":"","_stock":"","_tribe_ticket_header":"","_tribe_default_ticket_provider":"","_tribe_ticket_capacity":"0","_ticket_start_date":"","_ticket_end_date":"","_tribe_ticket_show_description":"","_tribe_ticket_show_not_going":false,"_tribe_ticket_use_global_stock":"","_tribe_ticket_global_stock_level":"","_global_stock_mode":"","_global_stock_cap":"","_tribe_rsvp_for_event":"","_tribe_ticket_going_count":"","_tribe_ticket_not_going_count":"","_tribe_tickets_list":"[]","_tribe_ticket_has_attendee_info_fields":false,"footnotes":""},"categories":[1],"tags":[],"_links":{"self":[{"href":"https:\/\/schuetzenpumpestich.de\/index.php?rest_route=\/wp\/v2\/posts\/476"}],"collection":[{"href":"https:\/\/schuetzenpumpestich.de\/index.php?rest_route=\/wp\/v2\/posts"}],"about":[{"href":"https:\/\/schuetzenpumpestich.de\/index.php?rest_route=\/wp\/v2\/types\/post"}],"author":[{"embeddable":true,"href":"https:\/\/schuetzenpumpestich.de\/index.php?rest_route=\/wp\/v2\/users\/1"}],"replies":[{"embeddable":true,"href":"https:\/\/schuetzenpumpestich.de\/index.php?rest_route=%2Fwp%2Fv2%2Fcomments&post=476"}],"version-history":[{"count":1,"href":"https:\/\/schuetzenpumpestich.de\/index.php?rest_route=\/wp\/v2\/posts\/476\/revisions"}],"predecessor-version":[{"id":477,"href":"https:\/\/schuetzenpumpestich.de\/index.php?rest_route=\/wp\/v2\/posts\/476\/revisions\/477"}],"wp:featuredmedia":[{"embeddable":true,"href":"https:\/\/schuetzenpumpestich.de\/index.php?rest_route=\/wp\/v2\/media\/474"}],"wp:attachment":[{"href":"https:\/\/schuetzenpumpestich.de\/index.php?rest_route=%2Fwp%2Fv2%2Fmedia&parent=476"}],"wp:term":[{"taxonomy":"category","embeddable":true,"href":"https:\/\/schuetzenpumpestich.de\/index.php?rest_route=%2Fwp%2Fv2%2Fcategories&post=476"},{"taxonomy":"post_tag","embeddable":true,"href":"https:\/\/schuetzenpumpestich.de\/index.php?rest_route=%2Fwp%2Fv2%2Ftags&post=476"}],"curies":[{"name":"wp","href":"https:\/\/api.w.org\/{rel}","templated":true}]}}