{"id":274,"date":"2019-09-10T17:11:12","date_gmt":"2019-09-10T17:11:12","guid":{"rendered":"http:\/\/schuetzenpumpestich.de\/?p=274"},"modified":"2019-09-12T14:37:39","modified_gmt":"2019-09-12T14:37:39","slug":"die-falsche-wahrnehmung","status":"publish","type":"post","link":"https:\/\/schuetzenpumpestich.de\/?p=274","title":{"rendered":"Die falsche Wahrnehmung"},"content":{"rendered":"\n<p><em><strong>In eigener Sache: <\/strong><\/em><\/p>\n\n\n\n<p><strong>Die falsche \u00f6ffentliche Wahrnehmung von Sch\u00fctzenbruderschaften<\/strong><\/p>\n\n\n\n<p>Grunds\u00e4tzlich halte ich nicht viel von sozialen Medien, wie Facebook, Instagram, Twitter. Dort wird neben einen Haufen von Belanglosigkeiten auch ungefiltert politischer Z\u00fcndstoff jedweder Couleur verbreitet. Ein Beitrag in Facebook erregte  vor einiger Zeit meine Aufmerksamkeit, der nachdem ich den Wahrheitsgehalt \u00fcberpr\u00fcft hatte, bei mir mehr als nur Kopfsch\u00fctteln ausl\u00f6ste.<\/p>\n\n\n\n<p>Der Hannoverische Ratsherr von B\u00fcndnis 90\/ Die Gr\u00fcnen Daniel Gardemin&nbsp;macht in Facebook keinen Hehl daraus, dass er dem&nbsp;Hannoverschen Sch\u00fctzenfest lieber fernbleibt. \u201eDa werden Waffen vorgef\u00fchrt und dem Schie\u00dfsport gehuldigt\u201c, schreibt der Gr\u00fcnen-Fraktionsvize auf&nbsp;Facebook. Ein \u201eUmdenken\u201c m\u00fcsse stattfinden. Des weiteren w\u00fcnscht er sich, dass eine Schweigeminute eingelegt werde f\u00fcr den von einem Rechtsextremen ermordeten CDU-Politiker&nbsp;Walter L\u00fcbcke. \u201eImmerhin wurde der&nbsp;Mord&nbsp;von einem Sportsch\u00fctzen ausge\u00fcbt\u201c, sagt der Gr\u00fcne Ratsherr. Es scheine seiner Meinung nach das&nbsp;Sch\u00fctzenwesen&nbsp;\u201eein Ort der Rechten\u201c zu sein, wie der&nbsp;Mord&nbsp;an&nbsp;L\u00fcbcke&nbsp;zeige.&nbsp; Nun k\u00f6nnte man meinen, dass Hannover weit weg ist und es sich mit Sicherheit nur um die isolierte Meinung eines wenig reflektierten &#8222;Gr\u00fcnen-Fundi \u201c handelt liegt falsch. In unserer politisch aufgeheizten Zeit und Dank der so genannten neuen Medien erf\u00e4hrt die Meldung ein Bundesweites Echo und steht so mit all Ihrer Sch\u00e4rfe und der b\u00f6swilligen Unwahrheit und L\u00fcge der Aussage im Raum. Ebenfalls mediale Aufmerksamkeit erregten die Umst\u00e4nde im Zusammenhang mit einen homosexuellen Sch\u00fctzenk\u00f6nig in D\u00fcsseldorf. <\/p>\n\n\n\n<p>Auch wurde H\u00e4me und Spott eingedenk der R\u00fcckst\u00e4ndigkeit in den Medien \u00fcber die Bruderschaften ausgegossen, nachdem ein&nbsp; t\u00fcrkisch st\u00e4mmiger Mitb\u00fcrger muslimischen Glaubens Sch\u00fctzenk\u00f6nig in einen Dorf bei Paderborn geworden war und sich nun anschickte am Bezirksschie\u00dfen teilzunehmen.<\/p>\n\n\n\n<p><strong><em>Ernsthaft:<\/em><\/strong><\/p>\n\n\n\n<p>W\u00fcrden sie Ihren Sohn oder Ihre Tochter in einen Verein anmelden, wo Rechtsnationales Gedankengut, Homophopie und Ausl\u00e4nderfeindlichkeit gepflegt und kultiviert wird.<\/p>\n\n\n\n<p>Unreflektierte Menschen wie der u.a. aufgef\u00fchrte gr\u00fcne Ratsherr und Vorurteilsbehaftete, politisch einseitig gepr\u00e4gte Journalisten, die sich nicht vorstellen k\u00f6nnen, dass etwas nicht ihrem traditionellen Freund\/Feind- Denken entspricht, haben mit zu einem Niedergang des historischen Sch\u00fctzenwesens beigetragen.<\/p>\n\n\n\n<p>Der Begriff Sportsch\u00fctze bedarf zudem einer&nbsp; sorgf\u00e4ltigen Differenzierung.<\/p>\n\n\n\n<p>Da gibt es zum Beispiel die Sch\u00fctzen, die sich in den olympischen Disziplinen, wie den Disziplinen im Kleinkaliber (Gewehr\/Pistole\/Freie Pistole) und Luftdruck (Luftgewehr\/ Luftpistole) messen. Diese Sch\u00fctzen sind z.B. im Rheinischen Sch\u00fctzenbund (RSB) oder im Bund der historischen Deutschen Sch\u00fctzenbruderschaften beheimatet. <\/p>\n\n\n\n<p>Der Begriff Olympisch erkl\u00e4rt eigentlich von selbst, dass es sich um einen ernsthaften Sport handelt.&nbsp; Beim Wettkampf ist neben Kraft und Konzentration auch ein hohes Ma\u00df an Kondition und&nbsp; Ausdauer und diszipliniertes Training  erforderlich.<\/p>\n\n\n\n<p>&#8222;Event-orientierte&#8220; Waffenliebhaber verlieren hier&nbsp; erfahrungsgem\u00e4\u00df schnell das Interesse und suchen dann ihr Heil in anderen Verb\u00e4nden&nbsp; oder versuchen  sich scharfe Waffen auf anderen  Wege zu besorgen.<\/p>\n\n\n\n<p>Wir k\u00f6nnen hier nur f\u00fcr unseren Verband sprechen, der zum gro\u00dfen Teil das \u201eklassische, althergebrachte Sch\u00fctzenwesen\u201c&nbsp; vertritt. In unserem Verband wird sehr streng gepr\u00fcft, warum&nbsp; Bef\u00fcrwortungen f\u00fcr die Anschaffung einer Sportwaffe gestellt werden. Die Sport-Schie\u00dfausbildung der Jugend&nbsp; muss in unseren Verband zwingend durch speziell ausgebildete Jugendschie\u00dfleiter erfolgen.<\/p>\n\n\n\n<p>Merkw\u00fcrdigerweise kritisiert niemand&nbsp; in der o.a. Impertinenz den Biathlonsport, obwohl dort mit Kleinkalibermehrladern&nbsp; in der \u201efreien Wildbahn\u201c geschossen wird.<\/p>\n\n\n\n<p>Oder vielleicht liegt der Hauptgrund der Befindlichkeiten in der <\/p>\n\n\n\n<p>Uniformierung der Sch\u00fctzen, den traditionellen Festabl\u00e4ufen&nbsp; und der&nbsp; N\u00e4he zur viel gescholtenen katholischen Kirche und Ihren traditionellen, heute offenbar&nbsp; politisch inkorrekten und antiquierten&nbsp; Familienbild.<\/p>\n\n\n\n<p>Nach meinen Daf\u00fcrhalten h\u00e4tte&nbsp; kein Hahn nach einen t\u00fcrkischen oder homosexuellen Sch\u00fctzenk\u00f6nig gekr\u00e4ht, w\u00e4re nicht durch die Journaille unser Bundesverband medial als r\u00fcckst\u00e4ndig und homophob wie ein Preisochse durch den Ring gezogen worden. <\/p>\n\n\n\n<p>Wie soll denn ein kirchlich, katholisch gepr\u00e4gter Verband, der das christliche Weltbild und den christlichen Glauben propagiert, reagieren, wenn er&nbsp; von offizieller Seite Stellung zu diesen o.a. Einzelf\u00e4llen nehmen soll?<\/p>\n\n\n\n<p>In der Vergangenheit hat es f\u00fcr die Bruderschaften immer auf lokaler Ebene L\u00f6sungen&nbsp; gegeben, die Praxisorientiert und an den Lebenswirklichkeiten angepasst waren. Weitsichtige Ortspfarrer genehmigten bereits in den 1970er Jahren evangelische Sch\u00fctzenk\u00f6nige und in den 1980 er Jahren&nbsp; geschiedene und wiederverheiratete K\u00f6nige und K\u00f6niginnen. <\/p>\n\n\n\n<p>Diese lokalen Entscheidungen wurden auch nie von unserem Bundesverband in Zweifel gezogen, aber auch nicht medial thematisiert oder beworben.<\/p>\n\n\n\n<p>So war es f\u00fcr die betroffenen Bruderschaften auch offenbar kein Problem, dass sie&nbsp; die diskutierten Sch\u00fctzenbr\u00fcder zum K\u00f6nigsamt zulie\u00dfen.<\/p>\n\n\n\n<p>F\u00fcr Sie auf lokaler Ebene z\u00e4hlte lediglich der Mensch hinter dem Amt. <\/p>\n\n\n\n<p>Dynamik kam erst ins Spiel, nachdem von \u00fcberregionalen Medien hier versucht wurde, die R\u00fcckst\u00e4ndigkeit der Kirche und unseres Verbands zu dokumentieren.<\/p>\n\n\n\n<p>Pers\u00f6nlich f\u00fchle ich mich weiterhin&nbsp; durch die Unterstellung beleidigt, die die Sch\u00fctzenbruderschaften in einen rechten Kontext r\u00fcckt.<\/p>\n\n\n\n<p>Die der Erzbruderschaft vom heiligen Sebastian (Vorg\u00e4nger unseres Bundes) angeschlossenen Vereine und Bruderschaften waren eher Leidtragende, als Profiteure des NS-Regimes.<\/p>\n\n\n\n<p>Bereits 1935 war den katholischen Verb\u00e4nden Jugendarbeit bei Strafe untersagt worden. Uniformierte Aufz\u00fcge der Sch\u00fctzen wurden mit Argusaugen beobachtet und zu Kriegsbeginn kam es zum Verbot der meisten Bruderschaften, in unserem Fall im September 1939, wenige Tage nach dem Sch\u00fctzenfest.<\/p>\n\n\n\n<p>Der Kampf gegen die menschenverachtende Ideologie des Nationalsozialismus geh\u00f6rt somit zur DNA des Bundes der historischen Deutschen Sch\u00fctzenbruderschaften und&nbsp; seiner angeschlossenen Bruderschaften. <\/p>\n\n\n\n<p>In vielen Projekten hat sich unsere Jungsch\u00fctzengruppe f\u00fcr die Belange der Schwachen in der Gesellschaft eingesetzt.&nbsp; So wurde im Rahmen einer 72-Stunden Aktion eine Grillh\u00fctte f\u00fcr die Bewohner des Caritas-Wohnheims, Odilienstra\u00dfe gebaut. Die Jungsch\u00fctzen verkauften in der Grabenstra\u00dfe Lose f\u00fcr den Neubau der Onkologie am Krankenhaus und f\u00fcr die Asylanten-Wohnunterkunft Stich sammelten die Jungsch\u00fctzen auf einem Sch\u00fctzenfest und \u00fcbergaben eine stattliche Spende zur Mitfinanzierung des Spielplatzes am Wohnheim.  Vorstandsmitglieder wirkten in den vergangenen Jahren ferner in Integrationsworkshops und Projekten mit.<\/p>\n\n\n\n<p>Einen weiteren Schwerpunkt belegen Schulungsma\u00dfnahmen unserer Vorstandmitglieder im Erkennen von  Kindeswohlgef\u00e4hrdung.<\/p>\n\n\n\n<p>Zum Volkstrauertag organisiert die Bruderschaft jedes Jahr eine Gedenkfeier und sorgt mit daf\u00fcr, dass die Opfer von Krieg und Gewaltherrschaft nicht vergessen werden.<\/p>\n\n\n\n<p>Sie sehen, verehrte Leserin und verehrter Leser, dass die medialen und b\u00f6swilligen Kampagnen gegen die Bruderschaften&nbsp; unreflektiert und falsch sind. Und einen gro\u00dfe Schaden anrichten.<\/p>\n\n\n\n<p>Die Bruderschaften verstehen sich traditionell als Heimat f\u00fcr Menschen aus allen sozialen Schichten. <\/p>\n\n\n\n<p>Leider glaube ich nicht an mediale Richtigstellungen oder Einsicht der politischen Avantgarde.<\/p>\n\n\n\n<p>Durch Ihre F\u00f6rderung unserer Bruderschaft, sei es durch den Besuch unserer Veranstaltungen oder einer Mitgliedschaft w\u00fcrden Sie&nbsp; uns aber&nbsp; erm\u00f6glichen weiter f\u00fcr&nbsp; unsere guten Ziele eintreten zu k\u00f6nnen.&nbsp; Vorab bedanke ich mich f\u00fcr Ihre Unterst\u00fctzung.<\/p>\n\n\n\n<p>Oliver Wald<\/p>\n\n\n\n<p><\/p>\n","protected":false},"excerpt":{"rendered":"<div class=\"mh-excerpt\"><p>In eigener Sache: Die falsche \u00f6ffentliche Wahrnehmung von Sch\u00fctzenbruderschaften Grunds\u00e4tzlich halte ich nicht viel von sozialen Medien, wie Facebook, Instagram, Twitter. Dort wird neben einen <a class=\"mh-excerpt-more\" href=\"https:\/\/schuetzenpumpestich.de\/?p=274\" title=\"Die falsche Wahrnehmung\">[&#8230;]<\/a><\/p>\n<\/div>","protected":false},"author":1,"featured_media":86,"comment_status":"open","ping_status":"open","sticky":false,"template":"","format":"standard","meta":{"_price":"","_stock":"","_tribe_ticket_header":"","_tribe_default_ticket_provider":"","_tribe_ticket_capacity":"0","_ticket_start_date":"","_ticket_end_date":"","_tribe_ticket_show_description":"","_tribe_ticket_show_not_going":false,"_tribe_ticket_use_global_stock":"","_tribe_ticket_global_stock_level":"","_global_stock_mode":"","_global_stock_cap":"","_tribe_rsvp_for_event":"","_tribe_ticket_going_count":"","_tribe_ticket_not_going_count":"","_tribe_tickets_list":"[]","_tribe_ticket_has_attendee_info_fields":false,"footnotes":""},"categories":[1],"tags":[],"_links":{"self":[{"href":"https:\/\/schuetzenpumpestich.de\/index.php?rest_route=\/wp\/v2\/posts\/274"}],"collection":[{"href":"https:\/\/schuetzenpumpestich.de\/index.php?rest_route=\/wp\/v2\/posts"}],"about":[{"href":"https:\/\/schuetzenpumpestich.de\/index.php?rest_route=\/wp\/v2\/types\/post"}],"author":[{"embeddable":true,"href":"https:\/\/schuetzenpumpestich.de\/index.php?rest_route=\/wp\/v2\/users\/1"}],"replies":[{"embeddable":true,"href":"https:\/\/schuetzenpumpestich.de\/index.php?rest_route=%2Fwp%2Fv2%2Fcomments&post=274"}],"version-history":[{"count":3,"href":"https:\/\/schuetzenpumpestich.de\/index.php?rest_route=\/wp\/v2\/posts\/274\/revisions"}],"predecessor-version":[{"id":277,"href":"https:\/\/schuetzenpumpestich.de\/index.php?rest_route=\/wp\/v2\/posts\/274\/revisions\/277"}],"wp:featuredmedia":[{"embeddable":true,"href":"https:\/\/schuetzenpumpestich.de\/index.php?rest_route=\/wp\/v2\/media\/86"}],"wp:attachment":[{"href":"https:\/\/schuetzenpumpestich.de\/index.php?rest_route=%2Fwp%2Fv2%2Fmedia&parent=274"}],"wp:term":[{"taxonomy":"category","embeddable":true,"href":"https:\/\/schuetzenpumpestich.de\/index.php?rest_route=%2Fwp%2Fv2%2Fcategories&post=274"},{"taxonomy":"post_tag","embeddable":true,"href":"https:\/\/schuetzenpumpestich.de\/index.php?rest_route=%2Fwp%2Fv2%2Ftags&post=274"}],"curies":[{"name":"wp","href":"https:\/\/api.w.org\/{rel}","templated":true}]}}